{"id":1975,"date":"2020-05-26T12:00:58","date_gmt":"2020-05-26T09:00:58","guid":{"rendered":"https:\/\/startertemplatecloud.com\/e05\/?p=1975"},"modified":"2026-08-27T13:06:34","modified_gmt":"2026-08-27T10:06:34","slug":"ruti-kuivikkeista-tunnetulle-epira-oylle-uusi-toimitusjohtaja","status":"publish","type":"post","link":"https:\/\/rutituotteet.fi\/en\/ruti-kuivikkeista-tunnetulle-epira-oylle-uusi-toimitusjohtaja\/","title":{"rendered":"Ruti-kuivikkeista tunnetulle Epira Oy:lle uusi toimitusjohtaja &#8211; kasvua muovin korvaamisesta"},"content":{"rendered":"<div data-elementor-type=\"wp-post\" data-elementor-id=\"1975\" class=\"elementor elementor-1975\">\n\t\t\t\t<div class=\"elementor-element elementor-element-a8b5f38 e-flex e-con-boxed e-con e-parent\" data-id=\"a8b5f38\" data-element_type=\"container\" data-e-type=\"container\">\n\t\t\t\t\t<div class=\"e-con-inner\">\n\t\t<div class=\"elementor-element elementor-element-07b42dd e-con-full e-flex e-con e-child\" data-id=\"07b42dd\" data-element_type=\"container\" data-e-type=\"container\">\n\t\t\t\t<div class=\"elementor-element elementor-element-7ad9ad1 elementor-widget elementor-widget-text-editor\" data-id=\"7ad9ad1\" data-element_type=\"widget\" data-e-type=\"widget\" data-widget_type=\"text-editor.default\">\n\t\t\t\t\t\t\t\t\t<p>Epira Oy:n hallitus on valinnut yhti\u00f6n uudeksi toimitusjohtajaksi agrologi AMK,\u00a0<strong>Petri\u00a0<\/strong><strong>Mustam\u00e4en<\/strong>, 52. H\u00e4n siirtyy teht\u00e4v\u00e4\u00e4n Kehitt\u00e4misyhti\u00f6 Karstulanseutu Oy:n projektip\u00e4\u00e4llik\u00f6n teht\u00e4v\u00e4st\u00e4 ja aloittaa Epiran toimitusjohtajana hein\u00e4kuun alussa. Nykyinen toimitusjohtaja ja yhti\u00f6n p\u00e4\u00e4omistaja\u00a0<strong>Pirjo Ruuska<\/strong>\u00a0j\u00e4\u00e4 syksyll\u00e4 el\u00e4kkeelle.<\/p>\n<p>Petri Mustam\u00e4ell\u00e4 on vankka kokemus tulosvastuullisista teht\u00e4vist\u00e4 ja yritysel\u00e4m\u00e4n kehitt\u00e4misest\u00e4 yritt\u00e4j\u00e4n\u00e4 ja toimitusjohtajana. H\u00e4n tuntee Epiralle t\u00e4rke\u00e4t sidosryhm\u00e4t ja asiakkaiden tarpeet. H\u00e4nen kokemuksensa biotalouden ja innovaatioiden kehitt\u00e4misest\u00e4 antaa uutta potkua Epiran kasvulle ja aloitetuille kehityshankkeille.<\/p>\n<p><strong>Epiran tuoreimpia hankkeita<\/strong>\u00a0ovat purun ja puujauhon toimittaminen komposiittituotantoon ja karkeampien rakeiden k\u00e4ytt\u00f6 taimien suojaukseen. Muovien korvaaminen puuper\u00e4isill\u00e4 luonnonaineksilla on tulevaisuuden kasvusuunta. Siin\u00e4 auttavat yhteisty\u00f6 Saarij\u00e4rven Biotalouskampuksen ja Piloting Alternatives for Plastics -hankkeen kanssa.<\/p>\n<p>Petri Mustam\u00e4ki asuu Saarij\u00e4rven Koskenkyl\u00e4ss\u00e4 kotitilallaan. H\u00e4n tuntee sek\u00e4 viljelij\u00f6iden arjen ett\u00e4 maataloustuotekaupan. H\u00e4n on aiemmin toiminut mm. SSYP Kehityksen yrityspalvelup\u00e4\u00e4llikk\u00f6n\u00e4 ja toimitusjohtajana sek\u00e4 ProAgrian yritysneuvojana.<\/p>\n<p>\u2013 Olen innoissani uudesta teht\u00e4v\u00e4st\u00e4 maineikkaassa vakavaraisessa perheyrityksess\u00e4, Petri Mustam\u00e4ki sanoo. \u2013 N\u00e4en eritt\u00e4in hyv\u00e4n\u00e4, ett\u00e4 Epiralla on otettu biokomposiittituotannon edist\u00e4minen yhdeksi painopistealueeksi. Hiilineutraalisuus on globaali tavoite ja antaa hyv\u00e4n kasvupohjan Epiralle, h\u00e4n arvioi.<\/p>\t\t\t\t\t\t\t\t<\/div>\n\t\t\t\t<\/div>\n\t\t<div class=\"elementor-element elementor-element-6e1f97e e-con-full e-flex e-con e-child\" data-id=\"6e1f97e\" data-element_type=\"container\" data-e-type=\"container\">\n\t\t\t\t<div class=\"elementor-element elementor-element-1c4a427 elementor-widget elementor-widget-image\" data-id=\"1c4a427\" data-element_type=\"widget\" data-e-type=\"widget\" data-widget_type=\"image.default\">\n\t\t\t\t\t\t\t\t\t\t\t\t\t\t\t<img fetchpriority=\"high\" decoding=\"async\" width=\"575\" height=\"1024\" src=\"https:\/\/rutituotteet.fi\/wp-content\/uploads\/2020\/05\/Petri-Mustamaki-575x1024.jpg\" class=\"attachment-large size-large wp-image-2407\" alt=\"Petri Mustam\u00e4ki\" srcset=\"https:\/\/rutituotteet.fi\/wp-content\/uploads\/2020\/05\/Petri-Mustamaki-575x1024.jpg 575w, https:\/\/rutituotteet.fi\/wp-content\/uploads\/2020\/05\/Petri-Mustamaki-169x300.jpg 169w, https:\/\/rutituotteet.fi\/wp-content\/uploads\/2020\/05\/Petri-Mustamaki.jpg 622w\" sizes=\"(max-width: 575px) 100vw, 575px\" \/>\t\t\t\t\t\t\t\t\t\t\t\t\t\t\t<\/div>\n\t\t\t\t<\/div>\n\t\t\t\t\t<\/div>\n\t\t\t\t<\/div>\n\t\t<div class=\"elementor-element elementor-element-8023958 e-flex e-con-boxed e-con e-parent\" data-id=\"8023958\" data-element_type=\"container\" data-e-type=\"container\">\n\t\t\t\t\t<div class=\"e-con-inner\">\n\t\t<div class=\"elementor-element elementor-element-ee1d1c1 e-con-full e-flex e-con e-child\" data-id=\"ee1d1c1\" data-element_type=\"container\" data-e-type=\"container\">\n\t\t\t\t<div class=\"elementor-element elementor-element-4445d8c elementor-widget elementor-widget-spacer\" data-id=\"4445d8c\" data-element_type=\"widget\" data-e-type=\"widget\" data-widget_type=\"spacer.default\">\n\t\t\t\t\t\t\t<div class=\"elementor-spacer\">\n\t\t\t<div class=\"elementor-spacer-inner\"><\/div>\n\t\t<\/div>\n\t\t\t\t\t\t<\/div>\n\t\t\t\t<div class=\"elementor-element elementor-element-f2c25af elementor-widget elementor-widget-text-editor\" data-id=\"f2c25af\" data-element_type=\"widget\" data-e-type=\"widget\" data-widget_type=\"text-editor.default\">\n\t\t\t\t\t\t\t\t\t<p><strong>Epira on suomalainen yli 30-vuotias perheyritys<\/strong><\/p><p>Epira Oy on toiminut vuodesta 1987 alkaen tuotanto- ja harraste-el\u00e4inten kuivikkeiden parissa. Esimerkiksi Ruti-Rex kopinpehmike ulkokoirille, Ruti-Mix turvekutteri ja Ruti-Raikas hevoskuivike ovat Epiran kehitt\u00e4mi\u00e4 tuotteita. Tuotanto perustuu kiertotalouteen, sill\u00e4 Epira jalostaa puutaloteollisuuden ja sahojen sivutuotteista uusia tuotteita.<\/p><p>Epira Oy on viime vuosina nykyaikaistanut tuotantoaan automatisoimalla tuotantolinjoja, investoimalla koneisiin ja tuotantotiloihin sek\u00e4 panostamalla tuotekehitykseen. Epira k\u00e4ytt\u00e4\u00e4 vain kotimaisia raaka-aineita; Ruti-tuotteilla on Avainlippu.<\/p><p>\u2013 El\u00e4inten hyvinvointi, ekologisuus ja kest\u00e4v\u00e4 kehitys ovat Epiralle t\u00e4rkeit\u00e4 arvoja, sanoo Anita Saarelainen. \u2013 Epira tunnetaan my\u00f6s luotettavana ja joustavana RUTI-kuivikkeiden toimittajana.<\/p><p>\u2013 Olen hyvill\u00e4ni siit\u00e4, ett\u00e4 Epiran toimitusjohtajuus kiinnosti niin monia hakijoita ja ett\u00e4 saamme Petri Mustam\u00e4est\u00e4 erinomaisen ty\u00f6mme jatkajan, sanoo Pirjo Ruuska.<\/p><p>Yhti\u00f6n tehdas sijaitsee Puulaaksossa, Karstulan Humpilla, ja se ty\u00f6llist\u00e4\u00e4 9 henke\u00e4. Liikevaihto oli viime vuonna 1,3 miljoonaa euroa. Vienti Pohjoismaihin on aloitettu.<\/p><table class=\"content_table\"><tbody><tr class=\"content_table\"><td class=\"content_table\"><div id=\"news_item180555\" class=\"news_item\"><p>Anita Saarelainen, Epira Oy, hallituksen puheenjohtaja, 0400 599 090,\u00a0Petri Mustam\u00e4ki, 040 589 8218 ja Pirjo Ruuska, 040 715 7211<\/p><div class=\"clear\">\u00a0<\/div><\/div><\/td><\/tr><\/tbody><\/table>\t\t\t\t\t\t\t\t<\/div>\n\t\t\t\t<\/div>\n\t\t\t\t\t<\/div>\n\t\t\t\t<\/div>\n\t\t<div class=\"elementor-element elementor-element-f965324 e-flex e-con-boxed e-con e-parent\" data-id=\"f965324\" data-element_type=\"container\" data-e-type=\"container\">\n\t\t\t\t\t<div class=\"e-con-inner\">\n\t\t\t\t\t<\/div>\n\t\t\t\t<\/div>\n\t\t\t\t<\/div>","protected":false},"excerpt":{"rendered":"<p>Epira Oy:n hallitus on valinnut yhti\u00f6n uudeksi toimitusjohtajaksi agrologi AMK,\u00a0Petri\u00a0Mustam\u00e4en, 52. H\u00e4n siirtyy teht\u00e4v\u00e4\u00e4n Kehitt\u00e4misyhti\u00f6 Karstulanseutu Oy:n projektip\u00e4\u00e4llik\u00f6n teht\u00e4v\u00e4st\u00e4 ja aloittaa Epiran toimitusjohtajana hein\u00e4kuun alussa. Nykyinen toimitusjohtaja ja yhti\u00f6n p\u00e4\u00e4omistaja\u00a0Pirjo Ruuska\u00a0j\u00e4\u00e4 syksyll\u00e4 el\u00e4kkeelle. Petri Mustam\u00e4ell\u00e4 on vankka kokemus tulosvastuullisista teht\u00e4vist\u00e4 ja yritysel\u00e4m\u00e4n kehitt\u00e4misest\u00e4 yritt\u00e4j\u00e4n\u00e4 ja toimitusjohtajana. H\u00e4n tuntee Epiralle t\u00e4rke\u00e4t sidosryhm\u00e4t ja asiakkaiden tarpeet. H\u00e4nen&#8230;<\/p>","protected":false},"author":5,"featured_media":2378,"comment_status":"closed","ping_status":"open","sticky":false,"template":"","format":"standard","meta":{"_kadence_starter_templates_imported_post":true,"_kad_post_transparent":"","_kad_post_title":"","_kad_post_layout":"","_kad_post_sidebar_id":"","_kad_post_content_style":"","_kad_post_vertical_padding":"","_kad_post_feature":"","_kad_post_feature_position":"","_kad_post_header":false,"_kad_post_footer":false,"_kad_post_classname":"","footnotes":""},"categories":[12],"tags":[],"class_list":["post-1975","post","type-post","status-publish","format-standard","has-post-thumbnail","hentry","category-yritys"],"yoast_head":"<!-- This site is optimized with the Yoast SEO plugin v28.4 - https:\/\/yoast.com\/product\/yoast-seo-wordpress\/ -->\n<title>Ruti-kuivikkeista tunnetulle Epira Oy:lle uusi toimitusjohtaja<\/title>\n<meta name=\"description\" content=\"Epira Oy:n hallitus on valinnut yhti\u00f6n uudeksi toimitusjohtajaksi agrologi AMK,\u00a0Petri\u00a0Mustam\u00e4en, 52. H\u00e4n siirtyy teht\u00e4v\u00e4\u00e4n Kehitt\u00e4misyhti\u00f6 Karstulanseutu\" \/>\n<meta name=\"robots\" content=\"index, follow, max-snippet:-1, max-image-preview:large, max-video-preview:-1\" \/>\n<link rel=\"canonical\" href=\"https:\/\/rutituotteet.fi\/en\/ruti-kuivikkeista-tunnetulle-epira-oylle-uusi-toimitusjohtaja\/\" \/>\n<meta property=\"og:locale\" content=\"en_GB\" \/>\n<meta property=\"og:type\" content=\"article\" \/>\n<meta property=\"og:title\" content=\"Ruti-kuivikkeista tunnetulle Epira Oy:lle uusi toimitusjohtaja\" \/>\n<meta property=\"og:description\" content=\"Epira Oy:n hallitus on valinnut yhti\u00f6n uudeksi toimitusjohtajaksi agrologi AMK,\u00a0Petri\u00a0Mustam\u00e4en, 52. H\u00e4n siirtyy teht\u00e4v\u00e4\u00e4n Kehitt\u00e4misyhti\u00f6 Karstulanseutu\" \/>\n<meta property=\"og:url\" content=\"https:\/\/rutituotteet.fi\/en\/ruti-kuivikkeista-tunnetulle-epira-oylle-uusi-toimitusjohtaja\/\" \/>\n<meta property=\"og:site_name\" content=\"Ruti-tuotteet\" \/>\n<meta property=\"article:publisher\" content=\"https:\/\/www.facebook.com\/RUTItuotteet\" \/>\n<meta property=\"article:published_time\" content=\"2020-05-26T09:00:58+00:00\" \/>\n<meta property=\"article:modified_time\" content=\"2026-08-27T10:06:34+00:00\" \/>\n<meta property=\"og:image\" content=\"https:\/\/rutituotteet.fi\/wp-content\/uploads\/2026\/05\/halli-2-scaled.jpg\" \/>\n\t<meta property=\"og:image:width\" content=\"1920\" \/>\n\t<meta property=\"og:image:height\" content=\"1440\" \/>\n\t<meta property=\"og:image:type\" content=\"image\/jpeg\" \/>\n<meta name=\"author\" content=\"Epira Oy\" \/>\n<meta name=\"twitter:card\" content=\"summary_large_image\" \/>\n<meta name=\"twitter:label1\" content=\"Written by\" \/>\n\t<meta name=\"twitter:data1\" content=\"Epira Oy\" \/>\n\t<meta name=\"twitter:label2\" content=\"Estimated reading time\" \/>\n\t<meta name=\"twitter:data2\" content=\"3 minutes\" \/>\n<script type=\"application\/ld+json\" class=\"yoast-schema-graph\">{\"@context\":\"https:\\\/\\\/schema.org\",\"@graph\":[{\"@type\":\"Article\",\"@id\":\"https:\\\/\\\/rutituotteet.fi\\\/ruti-kuivikkeista-tunnetulle-epira-oylle-uusi-toimitusjohtaja\\\/#article\",\"isPartOf\":{\"@id\":\"https:\\\/\\\/rutituotteet.fi\\\/ruti-kuivikkeista-tunnetulle-epira-oylle-uusi-toimitusjohtaja\\\/\"},\"author\":{\"name\":\"Epira Oy\",\"@id\":\"https:\\\/\\\/rutituotteet.fi\\\/#\\\/schema\\\/person\\\/c5675ed78fb0fec348687a73635565a6\"},\"headline\":\"Ruti-kuivikkeista tunnetulle Epira Oy:lle uusi toimitusjohtaja &#8211; kasvua muovin korvaamisesta\",\"datePublished\":\"2020-05-26T09:00:58+00:00\",\"dateModified\":\"2026-08-27T10:06:34+00:00\",\"mainEntityOfPage\":{\"@id\":\"https:\\\/\\\/rutituotteet.fi\\\/ruti-kuivikkeista-tunnetulle-epira-oylle-uusi-toimitusjohtaja\\\/\"},\"wordCount\":375,\"publisher\":{\"@id\":\"https:\\\/\\\/rutituotteet.fi\\\/#organization\"},\"image\":{\"@id\":\"https:\\\/\\\/rutituotteet.fi\\\/ruti-kuivikkeista-tunnetulle-epira-oylle-uusi-toimitusjohtaja\\\/#primaryimage\"},\"thumbnailUrl\":\"https:\\\/\\\/rutituotteet.fi\\\/wp-content\\\/uploads\\\/2026\\\/05\\\/halli-2-scaled.jpg\",\"articleSection\":[\"Yritys\"],\"inLanguage\":\"en-GB\"},{\"@type\":\"WebPage\",\"@id\":\"https:\\\/\\\/rutituotteet.fi\\\/ruti-kuivikkeista-tunnetulle-epira-oylle-uusi-toimitusjohtaja\\\/\",\"url\":\"https:\\\/\\\/rutituotteet.fi\\\/ruti-kuivikkeista-tunnetulle-epira-oylle-uusi-toimitusjohtaja\\\/\",\"name\":\"Ruti-kuivikkeista tunnetulle Epira Oy:lle uusi toimitusjohtaja\",\"isPartOf\":{\"@id\":\"https:\\\/\\\/rutituotteet.fi\\\/#website\"},\"primaryImageOfPage\":{\"@id\":\"https:\\\/\\\/rutituotteet.fi\\\/ruti-kuivikkeista-tunnetulle-epira-oylle-uusi-toimitusjohtaja\\\/#primaryimage\"},\"image\":{\"@id\":\"https:\\\/\\\/rutituotteet.fi\\\/ruti-kuivikkeista-tunnetulle-epira-oylle-uusi-toimitusjohtaja\\\/#primaryimage\"},\"thumbnailUrl\":\"https:\\\/\\\/rutituotteet.fi\\\/wp-content\\\/uploads\\\/2026\\\/05\\\/halli-2-scaled.jpg\",\"datePublished\":\"2020-05-26T09:00:58+00:00\",\"dateModified\":\"2026-08-27T10:06:34+00:00\",\"description\":\"Epira Oy:n hallitus on valinnut yhti\u00f6n uudeksi toimitusjohtajaksi agrologi AMK,\u00a0Petri\u00a0Mustam\u00e4en, 52. H\u00e4n siirtyy teht\u00e4v\u00e4\u00e4n Kehitt\u00e4misyhti\u00f6 Karstulanseutu\",\"breadcrumb\":{\"@id\":\"https:\\\/\\\/rutituotteet.fi\\\/ruti-kuivikkeista-tunnetulle-epira-oylle-uusi-toimitusjohtaja\\\/#breadcrumb\"},\"inLanguage\":\"en-GB\",\"potentialAction\":[{\"@type\":\"ReadAction\",\"target\":[\"https:\\\/\\\/rutituotteet.fi\\\/ruti-kuivikkeista-tunnetulle-epira-oylle-uusi-toimitusjohtaja\\\/\"]}]},{\"@type\":\"ImageObject\",\"inLanguage\":\"en-GB\",\"@id\":\"https:\\\/\\\/rutituotteet.fi\\\/ruti-kuivikkeista-tunnetulle-epira-oylle-uusi-toimitusjohtaja\\\/#primaryimage\",\"url\":\"https:\\\/\\\/rutituotteet.fi\\\/wp-content\\\/uploads\\\/2026\\\/05\\\/halli-2-scaled.jpg\",\"contentUrl\":\"https:\\\/\\\/rutituotteet.fi\\\/wp-content\\\/uploads\\\/2026\\\/05\\\/halli-2-scaled.jpg\",\"width\":1920,\"height\":1440,\"caption\":\"Epira Oy\"},{\"@type\":\"BreadcrumbList\",\"@id\":\"https:\\\/\\\/rutituotteet.fi\\\/ruti-kuivikkeista-tunnetulle-epira-oylle-uusi-toimitusjohtaja\\\/#breadcrumb\",\"itemListElement\":[{\"@type\":\"ListItem\",\"position\":1,\"name\":\"Home\",\"item\":\"https:\\\/\\\/rutituotteet.fi\\\/\"},{\"@type\":\"ListItem\",\"position\":2,\"name\":\"Ruti-kuivikkeista tunnetulle Epira Oy:lle uusi toimitusjohtaja &#8211; kasvua muovin korvaamisesta\"}]},{\"@type\":\"WebSite\",\"@id\":\"https:\\\/\\\/rutituotteet.fi\\\/#website\",\"url\":\"https:\\\/\\\/rutituotteet.fi\\\/\",\"name\":\"Ruti-tuotteet\",\"description\":\"Laadukkaita ja ymp\u00e4rist\u00f6yst\u00e4v\u00e4llisi\u00e4 puupohjaisia tuotteita maatalouden, el\u00e4intenhoidon, ymp\u00e4rist\u00f6huollon, puutarhojen ja teollisuuden tarpeisiin.\",\"publisher\":{\"@id\":\"https:\\\/\\\/rutituotteet.fi\\\/#organization\"},\"potentialAction\":[{\"@type\":\"SearchAction\",\"target\":{\"@type\":\"EntryPoint\",\"urlTemplate\":\"https:\\\/\\\/rutituotteet.fi\\\/?s={search_term_string}\"},\"query-input\":{\"@type\":\"PropertyValueSpecification\",\"valueRequired\":true,\"valueName\":\"search_term_string\"}}],\"inLanguage\":\"en-GB\"},{\"@type\":\"Organization\",\"@id\":\"https:\\\/\\\/rutituotteet.fi\\\/#organization\",\"name\":\"Ruti-tuotteet\",\"url\":\"https:\\\/\\\/rutituotteet.fi\\\/\",\"logo\":{\"@type\":\"ImageObject\",\"inLanguage\":\"en-GB\",\"@id\":\"https:\\\/\\\/rutituotteet.fi\\\/#\\\/schema\\\/logo\\\/image\\\/\",\"url\":\"https:\\\/\\\/rutituotteet.fi\\\/wp-content\\\/uploads\\\/2026\\\/05\\\/Ruti_kuivikkeet_symboli_viiva_musta-2.png\",\"contentUrl\":\"https:\\\/\\\/rutituotteet.fi\\\/wp-content\\\/uploads\\\/2026\\\/05\\\/Ruti_kuivikkeet_symboli_viiva_musta-2.png\",\"width\":466,\"height\":472,\"caption\":\"Ruti-tuotteet\"},\"image\":{\"@id\":\"https:\\\/\\\/rutituotteet.fi\\\/#\\\/schema\\\/logo\\\/image\\\/\"},\"sameAs\":[\"https:\\\/\\\/www.facebook.com\\\/RUTItuotteet\",\"https:\\\/\\\/www.instagram.com\\\/rutituotteet\\\/\",\"https:\\\/\\\/www.tiktok.com\\\/@rutituotteet\",\"https:\\\/\\\/www.youtube.com\\\/@rutituotteet\"]},{\"@type\":\"Person\",\"@id\":\"https:\\\/\\\/rutituotteet.fi\\\/#\\\/schema\\\/person\\\/c5675ed78fb0fec348687a73635565a6\",\"name\":\"Epira Oy\",\"image\":{\"@type\":\"ImageObject\",\"inLanguage\":\"en-GB\",\"@id\":\"https:\\\/\\\/secure.gravatar.com\\\/avatar\\\/273cc0c2f851c7d8f8368b9f04a559a7bba47de09561f3092876721079cd5cea?s=96&d=mm&r=g\",\"url\":\"https:\\\/\\\/secure.gravatar.com\\\/avatar\\\/273cc0c2f851c7d8f8368b9f04a559a7bba47de09561f3092876721079cd5cea?s=96&d=mm&r=g\",\"contentUrl\":\"https:\\\/\\\/secure.gravatar.com\\\/avatar\\\/273cc0c2f851c7d8f8368b9f04a559a7bba47de09561f3092876721079cd5cea?s=96&d=mm&r=g\",\"caption\":\"Epira Oy\"}}]}<\/script>\n<!-- \/ Yoast SEO plugin. -->","yoast_head_json":{"title":"Ruti-kuivikkeista tunnetulle Epira Oy:lle uusi toimitusjohtaja","description":"Epira Oy:n hallitus on valinnut yhti\u00f6n uudeksi toimitusjohtajaksi agrologi AMK,\u00a0Petri\u00a0Mustam\u00e4en, 52. H\u00e4n siirtyy teht\u00e4v\u00e4\u00e4n Kehitt\u00e4misyhti\u00f6 Karstulanseutu","robots":{"index":"index","follow":"follow","max-snippet":"max-snippet:-1","max-image-preview":"max-image-preview:large","max-video-preview":"max-video-preview:-1"},"canonical":"https:\/\/rutituotteet.fi\/en\/ruti-kuivikkeista-tunnetulle-epira-oylle-uusi-toimitusjohtaja\/","og_locale":"en_GB","og_type":"article","og_title":"Ruti-kuivikkeista tunnetulle Epira Oy:lle uusi toimitusjohtaja","og_description":"Epira Oy:n hallitus on valinnut yhti\u00f6n uudeksi toimitusjohtajaksi agrologi AMK,\u00a0Petri\u00a0Mustam\u00e4en, 52. H\u00e4n siirtyy teht\u00e4v\u00e4\u00e4n Kehitt\u00e4misyhti\u00f6 Karstulanseutu","og_url":"https:\/\/rutituotteet.fi\/en\/ruti-kuivikkeista-tunnetulle-epira-oylle-uusi-toimitusjohtaja\/","og_site_name":"Ruti-tuotteet","article_publisher":"https:\/\/www.facebook.com\/RUTItuotteet","article_published_time":"2020-05-26T09:00:58+00:00","article_modified_time":"2026-08-27T10:06:34+00:00","og_image":[{"width":1920,"height":1440,"url":"https:\/\/rutituotteet.fi\/wp-content\/uploads\/2026\/05\/halli-2-scaled.jpg","type":"image\/jpeg"}],"author":"Epira Oy","twitter_card":"summary_large_image","twitter_misc":{"Written by":"Epira Oy","Estimated reading time":"3 minutes"},"schema":{"@context":"https:\/\/schema.org","@graph":[{"@type":"Article","@id":"https:\/\/rutituotteet.fi\/ruti-kuivikkeista-tunnetulle-epira-oylle-uusi-toimitusjohtaja\/#article","isPartOf":{"@id":"https:\/\/rutituotteet.fi\/ruti-kuivikkeista-tunnetulle-epira-oylle-uusi-toimitusjohtaja\/"},"author":{"name":"Epira Oy","@id":"https:\/\/rutituotteet.fi\/#\/schema\/person\/c5675ed78fb0fec348687a73635565a6"},"headline":"Ruti-kuivikkeista tunnetulle Epira Oy:lle uusi toimitusjohtaja &#8211; kasvua muovin korvaamisesta","datePublished":"2020-05-26T09:00:58+00:00","dateModified":"2026-08-27T10:06:34+00:00","mainEntityOfPage":{"@id":"https:\/\/rutituotteet.fi\/ruti-kuivikkeista-tunnetulle-epira-oylle-uusi-toimitusjohtaja\/"},"wordCount":375,"publisher":{"@id":"https:\/\/rutituotteet.fi\/#organization"},"image":{"@id":"https:\/\/rutituotteet.fi\/ruti-kuivikkeista-tunnetulle-epira-oylle-uusi-toimitusjohtaja\/#primaryimage"},"thumbnailUrl":"https:\/\/rutituotteet.fi\/wp-content\/uploads\/2026\/05\/halli-2-scaled.jpg","articleSection":["Yritys"],"inLanguage":"en-GB"},{"@type":"WebPage","@id":"https:\/\/rutituotteet.fi\/ruti-kuivikkeista-tunnetulle-epira-oylle-uusi-toimitusjohtaja\/","url":"https:\/\/rutituotteet.fi\/ruti-kuivikkeista-tunnetulle-epira-oylle-uusi-toimitusjohtaja\/","name":"Ruti-kuivikkeista tunnetulle Epira Oy:lle uusi toimitusjohtaja","isPartOf":{"@id":"https:\/\/rutituotteet.fi\/#website"},"primaryImageOfPage":{"@id":"https:\/\/rutituotteet.fi\/ruti-kuivikkeista-tunnetulle-epira-oylle-uusi-toimitusjohtaja\/#primaryimage"},"image":{"@id":"https:\/\/rutituotteet.fi\/ruti-kuivikkeista-tunnetulle-epira-oylle-uusi-toimitusjohtaja\/#primaryimage"},"thumbnailUrl":"https:\/\/rutituotteet.fi\/wp-content\/uploads\/2026\/05\/halli-2-scaled.jpg","datePublished":"2020-05-26T09:00:58+00:00","dateModified":"2026-08-27T10:06:34+00:00","description":"Epira Oy:n hallitus on valinnut yhti\u00f6n uudeksi toimitusjohtajaksi agrologi AMK,\u00a0Petri\u00a0Mustam\u00e4en, 52. H\u00e4n siirtyy teht\u00e4v\u00e4\u00e4n Kehitt\u00e4misyhti\u00f6 Karstulanseutu","breadcrumb":{"@id":"https:\/\/rutituotteet.fi\/ruti-kuivikkeista-tunnetulle-epira-oylle-uusi-toimitusjohtaja\/#breadcrumb"},"inLanguage":"en-GB","potentialAction":[{"@type":"ReadAction","target":["https:\/\/rutituotteet.fi\/ruti-kuivikkeista-tunnetulle-epira-oylle-uusi-toimitusjohtaja\/"]}]},{"@type":"ImageObject","inLanguage":"en-GB","@id":"https:\/\/rutituotteet.fi\/ruti-kuivikkeista-tunnetulle-epira-oylle-uusi-toimitusjohtaja\/#primaryimage","url":"https:\/\/rutituotteet.fi\/wp-content\/uploads\/2026\/05\/halli-2-scaled.jpg","contentUrl":"https:\/\/rutituotteet.fi\/wp-content\/uploads\/2026\/05\/halli-2-scaled.jpg","width":1920,"height":1440,"caption":"Epira Oy"},{"@type":"BreadcrumbList","@id":"https:\/\/rutituotteet.fi\/ruti-kuivikkeista-tunnetulle-epira-oylle-uusi-toimitusjohtaja\/#breadcrumb","itemListElement":[{"@type":"ListItem","position":1,"name":"Home","item":"https:\/\/rutituotteet.fi\/"},{"@type":"ListItem","position":2,"name":"Ruti-kuivikkeista tunnetulle Epira Oy:lle uusi toimitusjohtaja &#8211; kasvua muovin korvaamisesta"}]},{"@type":"WebSite","@id":"https:\/\/rutituotteet.fi\/#website","url":"https:\/\/rutituotteet.fi\/","name":"Ruti-tuotteet","description":"Laadukkaita ja ymp\u00e4rist\u00f6yst\u00e4v\u00e4llisi\u00e4 puupohjaisia tuotteita maatalouden, el\u00e4intenhoidon, ymp\u00e4rist\u00f6huollon, puutarhojen ja teollisuuden tarpeisiin.","publisher":{"@id":"https:\/\/rutituotteet.fi\/#organization"},"potentialAction":[{"@type":"SearchAction","target":{"@type":"EntryPoint","urlTemplate":"https:\/\/rutituotteet.fi\/?s={search_term_string}"},"query-input":{"@type":"PropertyValueSpecification","valueRequired":true,"valueName":"search_term_string"}}],"inLanguage":"en-GB"},{"@type":"Organization","@id":"https:\/\/rutituotteet.fi\/#organization","name":"Ruti-tuotteet","url":"https:\/\/rutituotteet.fi\/","logo":{"@type":"ImageObject","inLanguage":"en-GB","@id":"https:\/\/rutituotteet.fi\/#\/schema\/logo\/image\/","url":"https:\/\/rutituotteet.fi\/wp-content\/uploads\/2026\/05\/Ruti_kuivikkeet_symboli_viiva_musta-2.png","contentUrl":"https:\/\/rutituotteet.fi\/wp-content\/uploads\/2026\/05\/Ruti_kuivikkeet_symboli_viiva_musta-2.png","width":466,"height":472,"caption":"Ruti-tuotteet"},"image":{"@id":"https:\/\/rutituotteet.fi\/#\/schema\/logo\/image\/"},"sameAs":["https:\/\/www.facebook.com\/RUTItuotteet","https:\/\/www.instagram.com\/rutituotteet\/","https:\/\/www.tiktok.com\/@rutituotteet","https:\/\/www.youtube.com\/@rutituotteet"]},{"@type":"Person","@id":"https:\/\/rutituotteet.fi\/#\/schema\/person\/c5675ed78fb0fec348687a73635565a6","name":"Epira Oy","image":{"@type":"ImageObject","inLanguage":"en-GB","@id":"https:\/\/secure.gravatar.com\/avatar\/273cc0c2f851c7d8f8368b9f04a559a7bba47de09561f3092876721079cd5cea?s=96&d=mm&r=g","url":"https:\/\/secure.gravatar.com\/avatar\/273cc0c2f851c7d8f8368b9f04a559a7bba47de09561f3092876721079cd5cea?s=96&d=mm&r=g","contentUrl":"https:\/\/secure.gravatar.com\/avatar\/273cc0c2f851c7d8f8368b9f04a559a7bba47de09561f3092876721079cd5cea?s=96&d=mm&r=g","caption":"Epira Oy"}}]}},"_links":{"self":[{"href":"https:\/\/rutituotteet.fi\/en\/wp-json\/wp\/v2\/posts\/1975","targetHints":{"allow":["GET"]}}],"collection":[{"href":"https:\/\/rutituotteet.fi\/en\/wp-json\/wp\/v2\/posts"}],"about":[{"href":"https:\/\/rutituotteet.fi\/en\/wp-json\/wp\/v2\/types\/post"}],"author":[{"embeddable":true,"href":"https:\/\/rutituotteet.fi\/en\/wp-json\/wp\/v2\/users\/5"}],"replies":[{"embeddable":true,"href":"https:\/\/rutituotteet.fi\/en\/wp-json\/wp\/v2\/comments?post=1975"}],"version-history":[{"count":11,"href":"https:\/\/rutituotteet.fi\/en\/wp-json\/wp\/v2\/posts\/1975\/revisions"}],"predecessor-version":[{"id":2574,"href":"https:\/\/rutituotteet.fi\/en\/wp-json\/wp\/v2\/posts\/1975\/revisions\/2574"}],"wp:featuredmedia":[{"embeddable":true,"href":"https:\/\/rutituotteet.fi\/en\/wp-json\/wp\/v2\/media\/2378"}],"wp:attachment":[{"href":"https:\/\/rutituotteet.fi\/en\/wp-json\/wp\/v2\/media?parent=1975"}],"wp:term":[{"taxonomy":"category","embeddable":true,"href":"https:\/\/rutituotteet.fi\/en\/wp-json\/wp\/v2\/categories?post=1975"},{"taxonomy":"post_tag","embeddable":true,"href":"https:\/\/rutituotteet.fi\/en\/wp-json\/wp\/v2\/tags?post=1975"}],"curies":[{"name":"wp","href":"https:\/\/api.w.org\/{rel}","templated":true}]}}